{"id":116,"date":"2025-03-19T15:37:27","date_gmt":"2025-03-19T18:37:27","guid":{"rendered":"https:\/\/www.kmstaff.com.br\/blog\/?p=116"},"modified":"2025-03-19T15:37:56","modified_gmt":"2025-03-19T18:37:56","slug":"locacao-de-ambulancia-para-eventos-o-que-a-lei-exige-e-como-se-preparar","status":"publish","type":"post","link":"https:\/\/www.kmstaff.com.br\/blog\/locacao-de-ambulancia-para-eventos-o-que-a-lei-exige-e-como-se-preparar\/","title":{"rendered":"Loca\u00e7\u00e3o de ambul\u00e2ncia para eventos: O que a lei exige e como se preparar?"},"content":{"rendered":"\n<p class=\"has-medium-font-size\"><strong><em>Organizar um evento seguro exige aten\u00e7\u00e3o a detalhes essenciais, incluindo a loca\u00e7\u00e3o de ambul\u00e2ncia. Descubra o que a lei exige e como garantir o melhor suporte m\u00e9dico para seu p\u00fablico.<\/em><\/strong><\/p>\n\n\n\n<p>Eventos de grande porte re\u00fanem um grande n\u00famero de pessoas, aumentando a possibilidade de emerg\u00eancias m\u00e9dicas. Por isso, a <strong>loca\u00e7\u00e3o de ambul\u00e2ncia<\/strong> \u00e9 um requisito fundamental para garantir seguran\u00e7a e atendimento r\u00e1pido em casos de necessidade.<\/p>\n\n\n\n<p>Al\u00e9m da preocupa\u00e7\u00e3o com o bem-estar dos participantes, os organizadores devem atender \u00e0s exig\u00eancias legais. A falta de <strong>ambul\u00e2ncia para eventos<\/strong> pode gerar san\u00e7\u00f5es, colocando em risco tanto os participantes quanto a reputa\u00e7\u00e3o dos respons\u00e1veis.<\/p>\n\n\n\n<p>Neste artigo, vamos abordar as regulamenta\u00e7\u00f5es para a <strong>loca\u00e7\u00e3o de ambul\u00e2ncia<\/strong>, os tipos de ve\u00edculos necess\u00e1rios e como escolher a melhor op\u00e7\u00e3o para o seu evento.<\/p>\n\n\n\n<ul class=\"wp-block-list\">\n<li><a href=\"https:\/\/www.kmstaff.com.br\/blog\/como-escolher-o-melhor-controle-de-acesso-para-o-seu-evento\/\" target=\"_blank\" rel=\"noreferrer noopener\">Como escolher o melhor controle de acesso para o seu evento?<\/a><\/li>\n\n\n\n<li><a href=\"https:\/\/www.kmstaff.com.br\/blog\/por-que-vigilantes-terceirizados-sao-a-melhor-escolha-para-seu-evento\/\" target=\"_blank\" rel=\"noreferrer noopener\">Por que vigilantes terceirizados s\u00e3o a melhor escolha para seu evento?<\/a><\/li>\n<\/ul>\n\n\n\n<h2 class=\"wp-block-heading\"><strong>A import\u00e2ncia da loca\u00e7\u00e3o de ambul\u00e2ncia para eventos<\/strong><\/h2>\n\n\n\n<p>A presen\u00e7a de uma <strong>ambul\u00e2ncia para eventos<\/strong> n\u00e3o \u00e9 apenas um diferencial, mas uma necessidade. Emerg\u00eancias m\u00e9dicas podem ocorrer a qualquer momento, e o tempo de resposta faz toda a diferen\u00e7a para evitar complica\u00e7\u00f5es graves.<\/p>\n\n\n\n<p>Em eventos com alta concentra\u00e7\u00e3o de p\u00fablico, como festivais, shows e competi\u00e7\u00f5es esportivas, o risco de desmaios, quedas e mal-estar \u00e9 elevado. Contar com um servi\u00e7o de <strong>aluguel de ambul\u00e2ncia<\/strong> permite atendimento imediato, reduzindo danos e possibilitando um encaminhamento seguro para hospitais, se necess\u00e1rio.<\/p>\n\n\n\n<p>Al\u00e9m disso, a seguran\u00e7a dos participantes impacta diretamente na credibilidade do evento. Empresas especializadas, como a <strong>KM Staff<\/strong>, garantem suporte completo na <strong>loca\u00e7\u00e3o de ambul\u00e2ncia<\/strong>, fornecendo profissionais capacitados e equipamentos adequados para qualquer situa\u00e7\u00e3o.<\/p>\n\n\n\n<ul class=\"wp-block-list\">\n<li><a href=\"https:\/\/www.kmstaff.com.br\/blog\/brigada-de-incendio-para-eventos-garanta-seguranca-com-a-km-staff\/\" target=\"_blank\" rel=\"noreferrer noopener\">Brigada de inc\u00eandio para eventos: garanta seguran\u00e7a com a KM Staff<\/a><\/li>\n<\/ul>\n\n\n\n<h2 class=\"wp-block-heading\"><strong>O que a legisla\u00e7\u00e3o exige sobre a loca\u00e7\u00e3o de ambul\u00e2ncia para eventos?<\/strong><\/h2>\n\n\n\n<p>No Brasil, a presen\u00e7a de uma <strong>ambul\u00e2ncia para eventos<\/strong> segue normas estabelecidas por \u00f3rg\u00e3os como a <strong>ANVISA (Ag\u00eancia Nacional de Vigil\u00e2ncia Sanit\u00e1ria)<\/strong> e o <strong>CONTRAN (Conselho Nacional de Tr\u00e2nsito)<\/strong>.<\/p>\n\n\n\n<p>Entre as principais regulamenta\u00e7\u00f5es, destacam-se:<\/p>\n\n\n\n<ul class=\"wp-block-list\">\n<li><strong>Norma NBR 14561:<\/strong> Define os requisitos t\u00e9cnicos para ambul\u00e2ncias, determinando a estrutura, equipamentos obrigat\u00f3rios e n\u00edveis de atendimento.<\/li>\n\n\n\n<li><strong>C\u00f3digo de Tr\u00e2nsito Brasileiro (CTB):<\/strong> Estabelece regras para a circula\u00e7\u00e3o de <strong>ambul\u00e2ncias<\/strong>, incluindo a necessidade de motoristas treinados e habilitados.<\/li>\n\n\n\n<li><strong>Resolu\u00e7\u00e3o 789\/2020 do CONTRAN:<\/strong> Classifica os tipos de ambul\u00e2ncia e suas aplica\u00e7\u00f5es, como <strong>ambul\u00e2ncia b\u00e1sica<\/strong> e <strong>ambul\u00e2ncia UTI<\/strong>, determinando qual deve ser utilizada em diferentes contextos.<\/li>\n\n\n\n<li><strong>Legisla\u00e7\u00e3o municipal e estadual:<\/strong> Algumas cidades e estados possuem regras espec\u00edficas sobre a <strong>loca\u00e7\u00e3o de ambul\u00e2ncia<\/strong>, sendo essencial verificar as exig\u00eancias locais antes de realizar o contrato.<\/li>\n<\/ul>\n\n\n\n<h2 class=\"wp-block-heading\"><strong>Tipos de ambul\u00e2ncias para loca\u00e7\u00e3o e suas aplica\u00e7\u00f5es<\/strong><\/h2>\n\n\n\n<p>Nem toda <strong>ambul\u00e2ncia para eventos<\/strong> \u00e9 igual. A escolha do ve\u00edculo adequado depende do tamanho do evento, do perfil do p\u00fablico e das exig\u00eancias legais.<\/p>\n\n\n\n<p>Os principais tipos de <strong>ambul\u00e2ncia para loca\u00e7\u00e3o<\/strong> incluem:<\/p>\n\n\n\n<h3 class=\"wp-block-heading\"><strong>Ambul\u00e2ncia b\u00e1sica (Tipo B)<\/strong><\/h3>\n\n\n\n<p>Indicada para eventos menores ou de risco moderado, a <strong>ambul\u00e2ncia b\u00e1sica<\/strong> \u00e9 equipada para atendimentos pr\u00e9-hospitalares simples. Ela conta com:<\/p>\n\n\n\n<ul class=\"wp-block-list\">\n<li>Macas e pranchas r\u00edgidas<\/li>\n\n\n\n<li>Equipamentos para imobiliza\u00e7\u00e3o<\/li>\n\n\n\n<li>Oxig\u00eanio medicinal<\/li>\n\n\n\n<li>Suprimentos para primeiros socorros<\/li>\n<\/ul>\n\n\n\n<h3 class=\"wp-block-heading\"><strong>Ambul\u00e2ncia UTI (Tipo D)<\/strong><\/h3>\n\n\n\n<p>Essencial para eventos de grande porte ou com p\u00fablico de alto risco, como competi\u00e7\u00f5es esportivas intensas, a <strong>ambul\u00e2ncia UTI<\/strong> oferece suporte avan\u00e7ado \u00e0 vida. Seus principais diferenciais s\u00e3o:<\/p>\n\n\n\n<ul class=\"wp-block-list\">\n<li>Desfibrilador e ventilador mec\u00e2nico<\/li>\n\n\n\n<li>Monitores card\u00edacos<\/li>\n\n\n\n<li>Medicamentos de emerg\u00eancia<\/li>\n\n\n\n<li>Equipe m\u00e9dica especializada<\/li>\n<\/ul>\n\n\n\n<p>A <strong>KM Staff<\/strong> fornece ambos os tipos de <strong>ambul\u00e2ncia para eventos<\/strong>, garantindo que seu evento esteja em total conformidade com as exig\u00eancias legais.<\/p>\n\n\n\n<h2 class=\"wp-block-heading\"><strong>Como escolher a melhor empresa para a loca\u00e7\u00e3o de ambul\u00e2ncia?<\/strong><\/h2>\n\n\n\n<p>A escolha de uma empresa confi\u00e1vel para a <strong>loca\u00e7\u00e3o de ambul\u00e2ncia<\/strong> pode fazer toda a diferen\u00e7a na seguran\u00e7a do evento. Para garantir um servi\u00e7o de qualidade, avalie os seguintes pontos:<\/p>\n\n\n\n<h3 class=\"wp-block-heading\"><strong>1. Verifique a regulariza\u00e7\u00e3o da empresa<\/strong><\/h3>\n\n\n\n<p>Certifique-se de que a empresa possui todas as autoriza\u00e7\u00f5es necess\u00e1rias para operar. O servi\u00e7o de <strong>aluguel de ambul\u00e2ncia<\/strong> deve seguir as normas da ANVISA e do CONTRAN, al\u00e9m de possuir registro nos \u00f3rg\u00e3os competentes.<\/p>\n\n\n\n<h3 class=\"wp-block-heading\"><strong>2. Avalie a qualidade dos ve\u00edculos e equipamentos<\/strong><\/h3>\n\n\n\n<p>As <strong>ambul\u00e2ncias para eventos<\/strong> devem estar em perfeito estado, equipadas com materiais de primeira linha e inspecionadas regularmente. A <strong>KM Staff<\/strong> mant\u00e9m sua frota sempre atualizada, garantindo efici\u00eancia e seguran\u00e7a.<\/p>\n\n\n\n<h3 class=\"wp-block-heading\"><strong>3. Analise a experi\u00eancia e capacita\u00e7\u00e3o da equipe<\/strong><\/h3>\n\n\n\n<p>O atendimento pr\u00e9-hospitalar exige profissionais qualificados. Verifique se a equipe conta com <strong>socorristas, enfermeiros e m\u00e9dicos treinados<\/strong> para agir rapidamente em situa\u00e7\u00f5es de emerg\u00eancia.<\/p>\n\n\n\n<h3 class=\"wp-block-heading\"><strong>4. Considere o tempo de resposta e a log\u00edstica<\/strong><\/h3>\n\n\n\n<p>A rapidez no deslocamento \u00e9 essencial. Escolha um fornecedor que tenha <strong>ambul\u00e2ncias bem distribu\u00eddas na regi\u00e3o do evento<\/strong>, garantindo um tempo de resposta reduzido em caso de urg\u00eancia.<\/p>\n\n\n\n<h3 class=\"wp-block-heading\"><strong>5. Confira o suporte oferecido<\/strong><\/h3>\n\n\n\n<p>O servi\u00e7o de <strong>loca\u00e7\u00e3o de ambul\u00e2ncia<\/strong> deve incluir suporte completo, desde a assessoria na escolha do ve\u00edculo at\u00e9 a opera\u00e7\u00e3o no dia do evento. A <strong>KM Staff<\/strong> acompanha todo o processo, garantindo tranquilidade para os organizadores.<\/p>\n\n\n\n<p>A <strong>loca\u00e7\u00e3o de ambul\u00e2ncia<\/strong> \u00e9 um aspecto fundamental na organiza\u00e7\u00e3o de eventos, garantindo <strong>seguran\u00e7a, atendimento r\u00e1pido e conformidade legal<\/strong>. Ignorar essa exig\u00eancia pode resultar em penalidades, al\u00e9m de colocar vidas em risco.<\/p>\n\n\n\n<p>Empresas especializadas, como a <strong>KM Staff<\/strong>, oferecem <strong>solu\u00e7\u00f5es personalizadas<\/strong>, assegurando que seu evento ocorra com o m\u00e1ximo de <strong>seguran\u00e7a e profissionalismo<\/strong>.<\/p>\n\n\n\n<p class=\"has-medium-font-size\"><strong><em>Se voc\u00ea precisa de um servi\u00e7o de aluguel de ambul\u00e2ncia confi\u00e1vel, <a href=\"https:\/\/www.kmstaff.com.br\/contato\">entre em contato<\/a> com a KM Staff e garanta um evento seguro para todos os participantes.<\/em><\/strong><\/p>\n\n\n\n<p><\/p>\n","protected":false},"excerpt":{"rendered":"<p>Organizar um evento seguro exige aten\u00e7\u00e3o a detalhes essenciais, incluindo a loca\u00e7\u00e3o de ambul\u00e2ncia. Descubra o que a lei exige e como garantir o melhor suporte m\u00e9dico para seu p\u00fablico. Eventos de grande porte re\u00fanem um grande n\u00famero de pessoas,&#8230;<\/p>\n","protected":false},"author":1,"featured_media":117,"comment_status":"open","ping_status":"open","sticky":false,"template":"","format":"standard","meta":{"footnotes":""},"categories":[204],"tags":[],"class_list":["post-116","post","type-post","status-publish","format-standard","has-post-thumbnail","hentry","category-locacao-de-ambulancia"],"yoast_head":"<!-- This site is optimized with the Yoast SEO plugin v23.8 - https:\/\/yoast.com\/wordpress\/plugins\/seo\/ -->\n<title>Loca\u00e7\u00e3o de ambul\u00e2ncia para eventos: O que a lei exige e como se preparar? - Blog KM Staff<\/title>\n<meta name=\"robots\" content=\"index, follow, max-snippet:-1, max-image-preview:large, max-video-preview:-1\" \/>\n<link rel=\"canonical\" href=\"https:\/\/www.kmstaff.com.br\/blog\/locacao-de-ambulancia-para-eventos-o-que-a-lei-exige-e-como-se-preparar\/\" \/>\n<meta property=\"og:locale\" content=\"pt_BR\" \/>\n<meta property=\"og:type\" content=\"article\" \/>\n<meta property=\"og:title\" content=\"Loca\u00e7\u00e3o de ambul\u00e2ncia para eventos: O que a lei exige e como se preparar? - Blog KM Staff\" \/>\n<meta property=\"og:description\" content=\"Organizar um evento seguro exige aten\u00e7\u00e3o a detalhes essenciais, incluindo a loca\u00e7\u00e3o de ambul\u00e2ncia. Descubra o que a lei exige e como garantir o melhor suporte m\u00e9dico para seu p\u00fablico. Eventos de grande porte re\u00fanem um grande n\u00famero de pessoas,...\" \/>\n<meta property=\"og:url\" content=\"https:\/\/www.kmstaff.com.br\/blog\/locacao-de-ambulancia-para-eventos-o-que-a-lei-exige-e-como-se-preparar\/\" \/>\n<meta property=\"og:site_name\" content=\"Blog KM Staff\" \/>\n<meta property=\"article:published_time\" content=\"2025-03-19T18:37:27+00:00\" \/>\n<meta property=\"article:modified_time\" content=\"2025-03-19T18:37:56+00:00\" \/>\n<meta property=\"og:image\" content=\"https:\/\/www.kmstaff.com.br\/blog\/wp-content\/uploads\/2025\/03\/570-1.jpg\" \/>\n\t<meta property=\"og:image:width\" content=\"1000\" \/>\n\t<meta property=\"og:image:height\" content=\"500\" \/>\n\t<meta property=\"og:image:type\" content=\"image\/jpeg\" \/>\n<meta name=\"author\" content=\"admin\" \/>\n<meta name=\"twitter:card\" content=\"summary_large_image\" \/>\n<meta name=\"twitter:label1\" content=\"Escrito por\" \/>\n\t<meta name=\"twitter:data1\" content=\"admin\" \/>\n\t<meta name=\"twitter:label2\" content=\"Est. tempo de leitura\" \/>\n\t<meta name=\"twitter:data2\" content=\"6 minutos\" \/>\n<script type=\"application\/ld+json\" class=\"yoast-schema-graph\">{\"@context\":\"https:\/\/schema.org\",\"@graph\":[{\"@type\":\"Article\",\"@id\":\"https:\/\/www.kmstaff.com.br\/blog\/locacao-de-ambulancia-para-eventos-o-que-a-lei-exige-e-como-se-preparar\/#article\",\"isPartOf\":{\"@id\":\"https:\/\/www.kmstaff.com.br\/blog\/locacao-de-ambulancia-para-eventos-o-que-a-lei-exige-e-como-se-preparar\/\"},\"author\":{\"name\":\"admin\",\"@id\":\"https:\/\/www.kmstaff.com.br\/blog\/#\/schema\/person\/cf26e1cec2d5c72aabd297d15852ceb7\"},\"headline\":\"Loca\u00e7\u00e3o de ambul\u00e2ncia para eventos: O que a lei exige e como se preparar?\",\"datePublished\":\"2025-03-19T18:37:27+00:00\",\"dateModified\":\"2025-03-19T18:37:56+00:00\",\"mainEntityOfPage\":{\"@id\":\"https:\/\/www.kmstaff.com.br\/blog\/locacao-de-ambulancia-para-eventos-o-que-a-lei-exige-e-como-se-preparar\/\"},\"wordCount\":1030,\"commentCount\":0,\"publisher\":{\"@id\":\"https:\/\/www.kmstaff.com.br\/blog\/#organization\"},\"image\":{\"@id\":\"https:\/\/www.kmstaff.com.br\/blog\/locacao-de-ambulancia-para-eventos-o-que-a-lei-exige-e-como-se-preparar\/#primaryimage\"},\"thumbnailUrl\":\"https:\/\/www.kmstaff.com.br\/blog\/wp-content\/uploads\/2025\/03\/570-1.jpg\",\"articleSection\":[\"Loca\u00e7\u00e3o de ambul\u00e2ncia\"],\"inLanguage\":\"pt-BR\",\"potentialAction\":[{\"@type\":\"CommentAction\",\"name\":\"Comment\",\"target\":[\"https:\/\/www.kmstaff.com.br\/blog\/locacao-de-ambulancia-para-eventos-o-que-a-lei-exige-e-como-se-preparar\/#respond\"]}]},{\"@type\":\"WebPage\",\"@id\":\"https:\/\/www.kmstaff.com.br\/blog\/locacao-de-ambulancia-para-eventos-o-que-a-lei-exige-e-como-se-preparar\/\",\"url\":\"https:\/\/www.kmstaff.com.br\/blog\/locacao-de-ambulancia-para-eventos-o-que-a-lei-exige-e-como-se-preparar\/\",\"name\":\"Loca\u00e7\u00e3o de ambul\u00e2ncia para eventos: O que a lei exige e como se preparar? - Blog KM Staff\",\"isPartOf\":{\"@id\":\"https:\/\/www.kmstaff.com.br\/blog\/#website\"},\"primaryImageOfPage\":{\"@id\":\"https:\/\/www.kmstaff.com.br\/blog\/locacao-de-ambulancia-para-eventos-o-que-a-lei-exige-e-como-se-preparar\/#primaryimage\"},\"image\":{\"@id\":\"https:\/\/www.kmstaff.com.br\/blog\/locacao-de-ambulancia-para-eventos-o-que-a-lei-exige-e-como-se-preparar\/#primaryimage\"},\"thumbnailUrl\":\"https:\/\/www.kmstaff.com.br\/blog\/wp-content\/uploads\/2025\/03\/570-1.jpg\",\"datePublished\":\"2025-03-19T18:37:27+00:00\",\"dateModified\":\"2025-03-19T18:37:56+00:00\",\"breadcrumb\":{\"@id\":\"https:\/\/www.kmstaff.com.br\/blog\/locacao-de-ambulancia-para-eventos-o-que-a-lei-exige-e-como-se-preparar\/#breadcrumb\"},\"inLanguage\":\"pt-BR\",\"potentialAction\":[{\"@type\":\"ReadAction\",\"target\":[\"https:\/\/www.kmstaff.com.br\/blog\/locacao-de-ambulancia-para-eventos-o-que-a-lei-exige-e-como-se-preparar\/\"]}]},{\"@type\":\"ImageObject\",\"inLanguage\":\"pt-BR\",\"@id\":\"https:\/\/www.kmstaff.com.br\/blog\/locacao-de-ambulancia-para-eventos-o-que-a-lei-exige-e-como-se-preparar\/#primaryimage\",\"url\":\"https:\/\/www.kmstaff.com.br\/blog\/wp-content\/uploads\/2025\/03\/570-1.jpg\",\"contentUrl\":\"https:\/\/www.kmstaff.com.br\/blog\/wp-content\/uploads\/2025\/03\/570-1.jpg\",\"width\":1000,\"height\":500,\"caption\":\"Loca\u00e7\u00e3o de ambul\u00e2ncia para eventos: O que a lei exige e como se preparar?\"},{\"@type\":\"BreadcrumbList\",\"@id\":\"https:\/\/www.kmstaff.com.br\/blog\/locacao-de-ambulancia-para-eventos-o-que-a-lei-exige-e-como-se-preparar\/#breadcrumb\",\"itemListElement\":[{\"@type\":\"ListItem\",\"position\":1,\"name\":\"In\u00edcio\",\"item\":\"https:\/\/www.kmstaff.com.br\/blog\/\"},{\"@type\":\"ListItem\",\"position\":2,\"name\":\"Loca\u00e7\u00e3o de ambul\u00e2ncia para eventos: O que a lei exige e como se preparar?\"}]},{\"@type\":\"WebSite\",\"@id\":\"https:\/\/www.kmstaff.com.br\/blog\/#website\",\"url\":\"https:\/\/www.kmstaff.com.br\/blog\/\",\"name\":\"Blog KM Staff\",\"description\":\"Refer\u00eancia em compet\u00eancia e atendimento em eventos\",\"publisher\":{\"@id\":\"https:\/\/www.kmstaff.com.br\/blog\/#organization\"},\"potentialAction\":[{\"@type\":\"SearchAction\",\"target\":{\"@type\":\"EntryPoint\",\"urlTemplate\":\"https:\/\/www.kmstaff.com.br\/blog\/?s={search_term_string}\"},\"query-input\":{\"@type\":\"PropertyValueSpecification\",\"valueRequired\":true,\"valueName\":\"search_term_string\"}}],\"inLanguage\":\"pt-BR\"},{\"@type\":\"Organization\",\"@id\":\"https:\/\/www.kmstaff.com.br\/blog\/#organization\",\"name\":\"Blog KM Staff\",\"url\":\"https:\/\/www.kmstaff.com.br\/blog\/\",\"logo\":{\"@type\":\"ImageObject\",\"inLanguage\":\"pt-BR\",\"@id\":\"https:\/\/www.kmstaff.com.br\/blog\/#\/schema\/logo\/image\/\",\"url\":\"https:\/\/www.kmstaff.com.br\/blog\/wp-content\/uploads\/2024\/07\/logo-4.webp\",\"contentUrl\":\"https:\/\/www.kmstaff.com.br\/blog\/wp-content\/uploads\/2024\/07\/logo-4.webp\",\"width\":461,\"height\":261,\"caption\":\"Blog KM Staff\"},\"image\":{\"@id\":\"https:\/\/www.kmstaff.com.br\/blog\/#\/schema\/logo\/image\/\"}},{\"@type\":\"Person\",\"@id\":\"https:\/\/www.kmstaff.com.br\/blog\/#\/schema\/person\/cf26e1cec2d5c72aabd297d15852ceb7\",\"name\":\"admin\",\"image\":{\"@type\":\"ImageObject\",\"inLanguage\":\"pt-BR\",\"@id\":\"https:\/\/www.kmstaff.com.br\/blog\/#\/schema\/person\/image\/\",\"url\":\"https:\/\/secure.gravatar.com\/avatar\/ac9557ba9d4c9d6a13579e7d8e52971a8505c7a89c69d895adfa73374e3a77b3?s=96&d=mm&r=g\",\"contentUrl\":\"https:\/\/secure.gravatar.com\/avatar\/ac9557ba9d4c9d6a13579e7d8e52971a8505c7a89c69d895adfa73374e3a77b3?s=96&d=mm&r=g\",\"caption\":\"admin\"},\"sameAs\":[\"https:\/\/www.kmstaff.com.br\/blog\"],\"url\":\"https:\/\/www.kmstaff.com.br\/blog\/author\/admin\/\"}]}<\/script>\n<!-- \/ Yoast SEO plugin. -->","yoast_head_json":{"title":"Loca\u00e7\u00e3o de ambul\u00e2ncia para eventos: O que a lei exige e como se preparar? - Blog KM Staff","robots":{"index":"index","follow":"follow","max-snippet":"max-snippet:-1","max-image-preview":"max-image-preview:large","max-video-preview":"max-video-preview:-1"},"canonical":"https:\/\/www.kmstaff.com.br\/blog\/locacao-de-ambulancia-para-eventos-o-que-a-lei-exige-e-como-se-preparar\/","og_locale":"pt_BR","og_type":"article","og_title":"Loca\u00e7\u00e3o de ambul\u00e2ncia para eventos: O que a lei exige e como se preparar? - Blog KM Staff","og_description":"Organizar um evento seguro exige aten\u00e7\u00e3o a detalhes essenciais, incluindo a loca\u00e7\u00e3o de ambul\u00e2ncia. Descubra o que a lei exige e como garantir o melhor suporte m\u00e9dico para seu p\u00fablico. Eventos de grande porte re\u00fanem um grande n\u00famero de pessoas,...","og_url":"https:\/\/www.kmstaff.com.br\/blog\/locacao-de-ambulancia-para-eventos-o-que-a-lei-exige-e-como-se-preparar\/","og_site_name":"Blog KM Staff","article_published_time":"2025-03-19T18:37:27+00:00","article_modified_time":"2025-03-19T18:37:56+00:00","og_image":[{"width":1000,"height":500,"url":"https:\/\/www.kmstaff.com.br\/blog\/wp-content\/uploads\/2025\/03\/570-1.jpg","type":"image\/jpeg"}],"author":"admin","twitter_card":"summary_large_image","twitter_misc":{"Escrito por":"admin","Est. tempo de leitura":"6 minutos"},"schema":{"@context":"https:\/\/schema.org","@graph":[{"@type":"Article","@id":"https:\/\/www.kmstaff.com.br\/blog\/locacao-de-ambulancia-para-eventos-o-que-a-lei-exige-e-como-se-preparar\/#article","isPartOf":{"@id":"https:\/\/www.kmstaff.com.br\/blog\/locacao-de-ambulancia-para-eventos-o-que-a-lei-exige-e-como-se-preparar\/"},"author":{"name":"admin","@id":"https:\/\/www.kmstaff.com.br\/blog\/#\/schema\/person\/cf26e1cec2d5c72aabd297d15852ceb7"},"headline":"Loca\u00e7\u00e3o de ambul\u00e2ncia para eventos: O que a lei exige e como se preparar?","datePublished":"2025-03-19T18:37:27+00:00","dateModified":"2025-03-19T18:37:56+00:00","mainEntityOfPage":{"@id":"https:\/\/www.kmstaff.com.br\/blog\/locacao-de-ambulancia-para-eventos-o-que-a-lei-exige-e-como-se-preparar\/"},"wordCount":1030,"commentCount":0,"publisher":{"@id":"https:\/\/www.kmstaff.com.br\/blog\/#organization"},"image":{"@id":"https:\/\/www.kmstaff.com.br\/blog\/locacao-de-ambulancia-para-eventos-o-que-a-lei-exige-e-como-se-preparar\/#primaryimage"},"thumbnailUrl":"https:\/\/www.kmstaff.com.br\/blog\/wp-content\/uploads\/2025\/03\/570-1.jpg","articleSection":["Loca\u00e7\u00e3o de ambul\u00e2ncia"],"inLanguage":"pt-BR","potentialAction":[{"@type":"CommentAction","name":"Comment","target":["https:\/\/www.kmstaff.com.br\/blog\/locacao-de-ambulancia-para-eventos-o-que-a-lei-exige-e-como-se-preparar\/#respond"]}]},{"@type":"WebPage","@id":"https:\/\/www.kmstaff.com.br\/blog\/locacao-de-ambulancia-para-eventos-o-que-a-lei-exige-e-como-se-preparar\/","url":"https:\/\/www.kmstaff.com.br\/blog\/locacao-de-ambulancia-para-eventos-o-que-a-lei-exige-e-como-se-preparar\/","name":"Loca\u00e7\u00e3o de ambul\u00e2ncia para eventos: O que a lei exige e como se preparar? - Blog KM Staff","isPartOf":{"@id":"https:\/\/www.kmstaff.com.br\/blog\/#website"},"primaryImageOfPage":{"@id":"https:\/\/www.kmstaff.com.br\/blog\/locacao-de-ambulancia-para-eventos-o-que-a-lei-exige-e-como-se-preparar\/#primaryimage"},"image":{"@id":"https:\/\/www.kmstaff.com.br\/blog\/locacao-de-ambulancia-para-eventos-o-que-a-lei-exige-e-como-se-preparar\/#primaryimage"},"thumbnailUrl":"https:\/\/www.kmstaff.com.br\/blog\/wp-content\/uploads\/2025\/03\/570-1.jpg","datePublished":"2025-03-19T18:37:27+00:00","dateModified":"2025-03-19T18:37:56+00:00","breadcrumb":{"@id":"https:\/\/www.kmstaff.com.br\/blog\/locacao-de-ambulancia-para-eventos-o-que-a-lei-exige-e-como-se-preparar\/#breadcrumb"},"inLanguage":"pt-BR","potentialAction":[{"@type":"ReadAction","target":["https:\/\/www.kmstaff.com.br\/blog\/locacao-de-ambulancia-para-eventos-o-que-a-lei-exige-e-como-se-preparar\/"]}]},{"@type":"ImageObject","inLanguage":"pt-BR","@id":"https:\/\/www.kmstaff.com.br\/blog\/locacao-de-ambulancia-para-eventos-o-que-a-lei-exige-e-como-se-preparar\/#primaryimage","url":"https:\/\/www.kmstaff.com.br\/blog\/wp-content\/uploads\/2025\/03\/570-1.jpg","contentUrl":"https:\/\/www.kmstaff.com.br\/blog\/wp-content\/uploads\/2025\/03\/570-1.jpg","width":1000,"height":500,"caption":"Loca\u00e7\u00e3o de ambul\u00e2ncia para eventos: O que a lei exige e como se preparar?"},{"@type":"BreadcrumbList","@id":"https:\/\/www.kmstaff.com.br\/blog\/locacao-de-ambulancia-para-eventos-o-que-a-lei-exige-e-como-se-preparar\/#breadcrumb","itemListElement":[{"@type":"ListItem","position":1,"name":"In\u00edcio","item":"https:\/\/www.kmstaff.com.br\/blog\/"},{"@type":"ListItem","position":2,"name":"Loca\u00e7\u00e3o de ambul\u00e2ncia para eventos: O que a lei exige e como se preparar?"}]},{"@type":"WebSite","@id":"https:\/\/www.kmstaff.com.br\/blog\/#website","url":"https:\/\/www.kmstaff.com.br\/blog\/","name":"Blog KM Staff","description":"Refer\u00eancia em compet\u00eancia e atendimento em eventos","publisher":{"@id":"https:\/\/www.kmstaff.com.br\/blog\/#organization"},"potentialAction":[{"@type":"SearchAction","target":{"@type":"EntryPoint","urlTemplate":"https:\/\/www.kmstaff.com.br\/blog\/?s={search_term_string}"},"query-input":{"@type":"PropertyValueSpecification","valueRequired":true,"valueName":"search_term_string"}}],"inLanguage":"pt-BR"},{"@type":"Organization","@id":"https:\/\/www.kmstaff.com.br\/blog\/#organization","name":"Blog KM Staff","url":"https:\/\/www.kmstaff.com.br\/blog\/","logo":{"@type":"ImageObject","inLanguage":"pt-BR","@id":"https:\/\/www.kmstaff.com.br\/blog\/#\/schema\/logo\/image\/","url":"https:\/\/www.kmstaff.com.br\/blog\/wp-content\/uploads\/2024\/07\/logo-4.webp","contentUrl":"https:\/\/www.kmstaff.com.br\/blog\/wp-content\/uploads\/2024\/07\/logo-4.webp","width":461,"height":261,"caption":"Blog KM Staff"},"image":{"@id":"https:\/\/www.kmstaff.com.br\/blog\/#\/schema\/logo\/image\/"}},{"@type":"Person","@id":"https:\/\/www.kmstaff.com.br\/blog\/#\/schema\/person\/cf26e1cec2d5c72aabd297d15852ceb7","name":"admin","image":{"@type":"ImageObject","inLanguage":"pt-BR","@id":"https:\/\/www.kmstaff.com.br\/blog\/#\/schema\/person\/image\/","url":"https:\/\/secure.gravatar.com\/avatar\/ac9557ba9d4c9d6a13579e7d8e52971a8505c7a89c69d895adfa73374e3a77b3?s=96&d=mm&r=g","contentUrl":"https:\/\/secure.gravatar.com\/avatar\/ac9557ba9d4c9d6a13579e7d8e52971a8505c7a89c69d895adfa73374e3a77b3?s=96&d=mm&r=g","caption":"admin"},"sameAs":["https:\/\/www.kmstaff.com.br\/blog"],"url":"https:\/\/www.kmstaff.com.br\/blog\/author\/admin\/"}]}},"_links":{"self":[{"href":"https:\/\/www.kmstaff.com.br\/blog\/wp-json\/wp\/v2\/posts\/116","targetHints":{"allow":["GET"]}}],"collection":[{"href":"https:\/\/www.kmstaff.com.br\/blog\/wp-json\/wp\/v2\/posts"}],"about":[{"href":"https:\/\/www.kmstaff.com.br\/blog\/wp-json\/wp\/v2\/types\/post"}],"author":[{"embeddable":true,"href":"https:\/\/www.kmstaff.com.br\/blog\/wp-json\/wp\/v2\/users\/1"}],"replies":[{"embeddable":true,"href":"https:\/\/www.kmstaff.com.br\/blog\/wp-json\/wp\/v2\/comments?post=116"}],"version-history":[{"count":1,"href":"https:\/\/www.kmstaff.com.br\/blog\/wp-json\/wp\/v2\/posts\/116\/revisions"}],"predecessor-version":[{"id":118,"href":"https:\/\/www.kmstaff.com.br\/blog\/wp-json\/wp\/v2\/posts\/116\/revisions\/118"}],"wp:featuredmedia":[{"embeddable":true,"href":"https:\/\/www.kmstaff.com.br\/blog\/wp-json\/wp\/v2\/media\/117"}],"wp:attachment":[{"href":"https:\/\/www.kmstaff.com.br\/blog\/wp-json\/wp\/v2\/media?parent=116"}],"wp:term":[{"taxonomy":"category","embeddable":true,"href":"https:\/\/www.kmstaff.com.br\/blog\/wp-json\/wp\/v2\/categories?post=116"},{"taxonomy":"post_tag","embeddable":true,"href":"https:\/\/www.kmstaff.com.br\/blog\/wp-json\/wp\/v2\/tags?post=116"}],"curies":[{"name":"wp","href":"https:\/\/api.w.org\/{rel}","templated":true}]}}